{"id":39,"date":"2015-03-09T14:24:08","date_gmt":"2015-03-09T14:24:08","guid":{"rendered":"https:\/\/lenieemerick.wordpress.com\/?p=9"},"modified":"2015-06-17T20:31:28","modified_gmt":"2015-06-17T20:31:28","slug":"datilografia-moderna","status":"publish","type":"post","link":"https:\/\/lenieemerick.com.br\/?p=39","title":{"rendered":"Datilografia Moderna %&#038;^*("},"content":{"rendered":"<p>Mais um dia produtivo&#8230; hj o dia come\u00e7ou com uma atividade de digita\u00e7\u00e3o com os alunos do 2\u00ba ano, \u00e9 muito engra\u00e7ado as situa\u00e7\u00f5es que os pequenos nos colocam, perguntas que para tem o habito de utilizar o computador tira de letra, os pequenos que no ano anterior realizavam a maioria das atividades por meio de sequ\u00eancias, algumas atividade de preencher, outras de ligar pontos, ligar respostas corretas, preencher lacunas, enfim uma serie de atividade de racioc\u00ednio propicio a idade, porem que exigiam apenas uma \u00f3tima habilidade com o mouse, para posicionar, clicar, clicar e arrastar, e quando utilizavam o teclado era pra preenchimento de s\u00edlabas simples.<\/p>\n<p>Hoje a pergunta mais comum foram:<\/p>\n<p>&#8211; Proooo, como da espa\u00e7o?<\/p>\n<p>&#8211; Proo, como apaga?<\/p>\n<p>&#8211; Proo, como pula linha?<\/p>\n<p>&#8211; Prooo n\u00e3o tem o \u201c\u00e3o\u201d??<\/p>\n<p>&#8230; letra mai\u00fascula, letra min\u00fascula&#8230; enfim, tantas coisas que pr\u00e9-julgamos simples, cria um embara\u00e7o na cabe\u00e7a dos pequenos, e isso tudo \u00e9 muito lindo&#8230;<\/p>\n<p><a href=\"https:\/\/lenieemerick.com.br\/site\/wp-content\/uploads\/2015\/03\/datilografia-2.jpg\"><img loading=\"lazy\" decoding=\"async\" class=\"alignnone  wp-image-10\" src=\"https:\/\/lenieemerick.com.br\/site\/wp-content\/uploads\/2015\/03\/datilografia-2.jpg?w=300\" alt=\"datilografia 2\" width=\"505\" height=\"335\" \/><\/a><\/p>\n","protected":false},"excerpt":{"rendered":"<p>Mais um dia produtivo&#8230; hj o dia come\u00e7ou com uma atividade de digita\u00e7\u00e3o com os alunos do 2\u00ba ano, \u00e9 muito engra\u00e7ado as situa\u00e7\u00f5es que os pequenos nos colocam, perguntas que para tem o habito de utilizar o computador tira de letra, os pequenos que no ano anterior realizavam a maioria das atividades por meio [&hellip;]<\/p>\n","protected":false},"author":1,"featured_media":0,"comment_status":"open","ping_status":"open","sticky":false,"template":"","format":"standard","meta":{"footnotes":""},"categories":[1],"tags":[],"class_list":["post-39","post","type-post","status-publish","format-standard","hentry","category-diario"],"_links":{"self":[{"href":"https:\/\/lenieemerick.com.br\/index.php?rest_route=\/wp\/v2\/posts\/39","targetHints":{"allow":["GET"]}}],"collection":[{"href":"https:\/\/lenieemerick.com.br\/index.php?rest_route=\/wp\/v2\/posts"}],"about":[{"href":"https:\/\/lenieemerick.com.br\/index.php?rest_route=\/wp\/v2\/types\/post"}],"author":[{"embeddable":true,"href":"https:\/\/lenieemerick.com.br\/index.php?rest_route=\/wp\/v2\/users\/1"}],"replies":[{"embeddable":true,"href":"https:\/\/lenieemerick.com.br\/index.php?rest_route=%2Fwp%2Fv2%2Fcomments&post=39"}],"version-history":[{"count":1,"href":"https:\/\/lenieemerick.com.br\/index.php?rest_route=\/wp\/v2\/posts\/39\/revisions"}],"predecessor-version":[{"id":105,"href":"https:\/\/lenieemerick.com.br\/index.php?rest_route=\/wp\/v2\/posts\/39\/revisions\/105"}],"wp:attachment":[{"href":"https:\/\/lenieemerick.com.br\/index.php?rest_route=%2Fwp%2Fv2%2Fmedia&parent=39"}],"wp:term":[{"taxonomy":"category","embeddable":true,"href":"https:\/\/lenieemerick.com.br\/index.php?rest_route=%2Fwp%2Fv2%2Fcategories&post=39"},{"taxonomy":"post_tag","embeddable":true,"href":"https:\/\/lenieemerick.com.br\/index.php?rest_route=%2Fwp%2Fv2%2Ftags&post=39"}],"curies":[{"name":"wp","href":"https:\/\/api.w.org\/{rel}","templated":true}]}}